{"id":1208,"date":"2022-12-18T22:51:03","date_gmt":"2022-12-18T21:51:03","guid":{"rendered":"https:\/\/www.cbciudaddecadiz.com\/?p=1208"},"modified":"2022-12-18T22:51:05","modified_gmt":"2022-12-18T21:51:05","slug":"una-mala-primera-parte-condena-a-nuestras-infantiles-de-2010-ante-cabu-ubrique","status":"publish","type":"post","link":"https:\/\/www.cbciudaddecadiz.com\/index.php\/2022\/12\/18\/una-mala-primera-parte-condena-a-nuestras-infantiles-de-2010-ante-cabu-ubrique\/","title":{"rendered":"Una mala primera parte condena a nuestras infantiles de 2010 ante Cabu Ubrique"},"content":{"rendered":"\n<p>Nuestras infantiles de primer a\u00f1o recib\u00edan en la sexta jornada de liga al siempre duro equipo del Cabu Ubrique con las bajas por lesi\u00f3n de Carmen, Virginia y Laura.<\/p>\n\n\n\n<p>Desde el comienzo se planteo un duelo muy f\u00edsico, ante la permisividad arbitral con las faltas, algo que nuestras chicas no afrontaron de la manera correcta, siendo muy poco incisivas en ataque, lo que nos llev\u00f3 a anotar una sola canasta en toda la primera parte, 2-18.<\/p>\n\n\n\n<p>Tras el descanso, nuestras chicas reaccionaron y pese a que la lesi\u00f3n de Miriam nos complicaba aun m\u00e1s las cosas, nuestras chicas ten\u00edan una gran reacci\u00f3n logrando recortar la distancia a 5 puntos a falta de cinco minutos para terminar, pero al final, el cansancio y la defensa en zona de Ubrique, bloquearon a las nuestras que, pese a que siguieron luchando, acabaron cediendo en los \u00faltimos.<\/p>\n\n\n\n<p>Felicitamos al Cabu Ubrique por su victoria y a nuestras chicas por su reacci\u00f3n de la segunda parte, en la que ense\u00f1aron el nivel que pueden llegar a mostrar. Toca seguir trabajando!!<\/p>\n\n\n\n<p>Deseamos a Miriam una pronta recuperaci\u00f3n de la lesi\u00f3n de tobillo que ha sufrido a comienzos del tercer periodo.<\/p>\n\n\n\n<h2 class=\"has-text-align-center wp-block-heading\"><strong>Resultado final: CBC C\u00e1diz <mark style=\"background-color:rgba(0, 0, 0, 0)\" class=\"has-inline-color has-theme-palette-1-color\">21<\/mark>&#8211;<mark style=\"background-color:rgba(0, 0, 0, 0)\" class=\"has-inline-color has-theme-palette-1-color\">36<\/mark> Cabu Ubrique<\/strong><\/h2>\n","protected":false},"excerpt":{"rendered":"<p>Nuestras infantiles de primer a\u00f1o recib\u00edan en la sexta jornada de liga al siempre duro equipo del Cabu Ubrique con las bajas por lesi\u00f3n de Carmen, Virginia y Laura. Desde el comienzo se planteo un duelo muy f\u00edsico, ante la permisividad arbitral con las faltas, algo que nuestras chicas no afrontaron de la manera correcta,&#8230;<\/p>\n","protected":false},"author":1,"featured_media":1209,"comment_status":"open","ping_status":"open","sticky":false,"template":"","format":"standard","meta":{"_uag_custom_page_level_css":"","_monsterinsights_skip_tracking":false,"_monsterinsights_sitenote_active":false,"_monsterinsights_sitenote_note":"","_monsterinsights_sitenote_category":0,"_kad_post_transparent":"","_kad_post_title":"","_kad_post_layout":"","_kad_post_sidebar_id":"","_kad_post_content_style":"","_kad_post_vertical_padding":"","_kad_post_feature":"","_kad_post_feature_position":"","_kad_post_header":false,"_kad_post_footer":false,"_kad_post_classname":"","footnotes":""},"categories":[16,26],"tags":[14,13,7,8],"class_list":["post-1208","post","type-post","status-publish","format-standard","has-post-thumbnail","hentry","category-cronicas-cbc-cadiz","category-infantil-femenino","tag-baloncesto-cadiz","tag-cb-ciudad-de-cadiz","tag-cbc-cadiz","tag-club-baloncesto-ciudad-de-cadiz"],"uagb_featured_image_src":{"full":["https:\/\/www.cbciudaddecadiz.com\/wp-content\/uploads\/2022\/12\/J6-IF10.jpg",800,600,false],"thumbnail":["https:\/\/www.cbciudaddecadiz.com\/wp-content\/uploads\/2022\/12\/J6-IF10-150x150.jpg",150,150,true],"medium":["https:\/\/www.cbciudaddecadiz.com\/wp-content\/uploads\/2022\/12\/J6-IF10-300x225.jpg",300,225,true],"medium_large":["https:\/\/www.cbciudaddecadiz.com\/wp-content\/uploads\/2022\/12\/J6-IF10-768x576.jpg",768,576,true],"large":["https:\/\/www.cbciudaddecadiz.com\/wp-content\/uploads\/2022\/12\/J6-IF10.jpg",800,600,false],"1536x1536":["https:\/\/www.cbciudaddecadiz.com\/wp-content\/uploads\/2022\/12\/J6-IF10.jpg",800,600,false],"2048x2048":["https:\/\/www.cbciudaddecadiz.com\/wp-content\/uploads\/2022\/12\/J6-IF10.jpg",800,600,false]},"uagb_author_info":{"display_name":"CBC C\u00e1diz","author_link":"https:\/\/www.cbciudaddecadiz.com\/index.php\/author\/admin\/"},"uagb_comment_info":0,"uagb_excerpt":"Nuestras infantiles de primer a\u00f1o recib\u00edan en la sexta jornada de liga al siempre duro equipo del Cabu Ubrique con las bajas por lesi\u00f3n de Carmen, Virginia y Laura. Desde el comienzo se planteo un duelo muy f\u00edsico, ante la permisividad arbitral con las faltas, algo que nuestras chicas no afrontaron de la manera correcta,...","_links":{"self":[{"href":"https:\/\/www.cbciudaddecadiz.com\/index.php\/wp-json\/wp\/v2\/posts\/1208","targetHints":{"allow":["GET"]}}],"collection":[{"href":"https:\/\/www.cbciudaddecadiz.com\/index.php\/wp-json\/wp\/v2\/posts"}],"about":[{"href":"https:\/\/www.cbciudaddecadiz.com\/index.php\/wp-json\/wp\/v2\/types\/post"}],"author":[{"embeddable":true,"href":"https:\/\/www.cbciudaddecadiz.com\/index.php\/wp-json\/wp\/v2\/users\/1"}],"replies":[{"embeddable":true,"href":"https:\/\/www.cbciudaddecadiz.com\/index.php\/wp-json\/wp\/v2\/comments?post=1208"}],"version-history":[{"count":1,"href":"https:\/\/www.cbciudaddecadiz.com\/index.php\/wp-json\/wp\/v2\/posts\/1208\/revisions"}],"predecessor-version":[{"id":1210,"href":"https:\/\/www.cbciudaddecadiz.com\/index.php\/wp-json\/wp\/v2\/posts\/1208\/revisions\/1210"}],"wp:featuredmedia":[{"embeddable":true,"href":"https:\/\/www.cbciudaddecadiz.com\/index.php\/wp-json\/wp\/v2\/media\/1209"}],"wp:attachment":[{"href":"https:\/\/www.cbciudaddecadiz.com\/index.php\/wp-json\/wp\/v2\/media?parent=1208"}],"wp:term":[{"taxonomy":"category","embeddable":true,"href":"https:\/\/www.cbciudaddecadiz.com\/index.php\/wp-json\/wp\/v2\/categories?post=1208"},{"taxonomy":"post_tag","embeddable":true,"href":"https:\/\/www.cbciudaddecadiz.com\/index.php\/wp-json\/wp\/v2\/tags?post=1208"}],"curies":[{"name":"wp","href":"https:\/\/api.w.org\/{rel}","templated":true}]}}