{"id":616,"date":"2021-11-13T23:46:00","date_gmt":"2021-11-13T22:46:00","guid":{"rendered":"https:\/\/www.cbciudaddecadiz.com\/?p=616"},"modified":"2021-11-23T14:18:43","modified_gmt":"2021-11-23T13:18:43","slug":"duro-inicio-liguero-para-nuestras-infantiles-en-la-linea","status":"publish","type":"post","link":"https:\/\/www.cbciudaddecadiz.com\/index.php\/2021\/11\/13\/duro-inicio-liguero-para-nuestras-infantiles-en-la-linea\/","title":{"rendered":"Duro inicio liguero para nuestras infantiles en La L\u00ednea"},"content":{"rendered":"\n<div class=\"wp-block-image\"><figure class=\"alignright size-large is-resized\"><img decoding=\"async\" data-src=\"https:\/\/www.cbciudaddecadiz.com\/wp-content\/uploads\/2021\/11\/IMG-20211113-WA0014-768x1024.jpg\" alt=\"\" class=\"wp-image-618 lazyload\" width=\"199\" height=\"265\" data-srcset=\"https:\/\/www.cbciudaddecadiz.com\/wp-content\/uploads\/2021\/11\/IMG-20211113-WA0014-768x1024.jpg 768w, https:\/\/www.cbciudaddecadiz.com\/wp-content\/uploads\/2021\/11\/IMG-20211113-WA0014-225x300.jpg 225w, https:\/\/www.cbciudaddecadiz.com\/wp-content\/uploads\/2021\/11\/IMG-20211113-WA0014-1152x1536.jpg 1152w, https:\/\/www.cbciudaddecadiz.com\/wp-content\/uploads\/2021\/11\/IMG-20211113-WA0014.jpg 1200w\" data-sizes=\"(max-width: 199px) 100vw, 199px\" src=\"data:image\/svg+xml;base64,PHN2ZyB3aWR0aD0iMSIgaGVpZ2h0PSIxIiB4bWxucz0iaHR0cDovL3d3dy53My5vcmcvMjAwMC9zdmciPjwvc3ZnPg==\" style=\"--smush-placeholder-width: 199px; --smush-placeholder-aspect-ratio: 199\/265;\" \/><\/figure><\/div>\n\n\n\n<p>La primera jornada de la fase regular para nuestras chicas del infantil femenino nos llev\u00f3 en la ma\u00f1ana del s\u00e1bado a La L\u00ednea de la Concepci\u00f3n, donde nos esperaba uno de los grandes favoritos a llevarse la competici\u00f3n, el equipo de la ULB que hab\u00eda mostrado un gran nivel en la fase previa, contando sus encuentros por victorias.<\/p>\n\n\n\n<p>Desde el inicio se vio que nuestras chicas no iban a tener opciones de competir el encuentro, ya que no encontramos respuesta ante la dur\u00edsima presi\u00f3n a toda pista del equipo local que hac\u00eda que nos costara un mundo, el simple hecho de salir de nuestra pista trasera. Recordamos que nuestro equipo esta formado por una mayor\u00eda de chicas con muy poca experiencia en la competici\u00f3n, siendo para muchas el debut esta temporada.<\/p>\n\n\n\n<p>As\u00ed, nuestras chicas tan solo pudieron anotar dos tiros libres en toda la primera mitad, lleg\u00e1ndose con un marcador de 39-2. Tras el descanso, parec\u00eda que todo continuar\u00eda igual, pero tras un par de canastas, el equipo local baj\u00f3 su defensa a media pista, permitiendo respirar y jugar algo a nuestras chicas, que al menos lograron anotar algunas canastas antes del cierre de acta a un minuto de finalizar el tercer cuarto (58-8). Ya con acta cerrada, nuestras chicas lograron anotar algunas canastas m\u00e1s, aunque no pudieran ser reflejadas en el marcador.<\/p>\n\n\n\n<p>Destacar el buen gesto del entrenador local, Miguel \u00c1ngel Moreno, al finalizar el partido, felicitando a nuestras chicas por su esfuerzo y anim\u00e1ndolas a seguir trabajando con ganas e ilusi\u00f3n.<\/p>\n\n\n\n<p>Partido que debe servir a nuestras chicas para coger experiencia y seguir entrenando con m\u00e1s ganas e ilusi\u00f3n todav\u00eda \u00a1Mucho \u00e1nimo chicas!<\/p>\n\n\n\n<h2 class=\"has-text-align-center wp-block-heading\">Resultado final: ULB <span class=\"has-inline-color has-vivid-red-color\">58<\/span> CBC C\u00e1diz <span class=\"has-inline-color has-vivid-red-color\">8<\/span><\/h2>\n","protected":false},"excerpt":{"rendered":"<p>La primera jornada de la fase regular para nuestras chicas del infantil femenino nos llev\u00f3 en la ma\u00f1ana del s\u00e1bado a La L\u00ednea de la Concepci\u00f3n, donde nos esperaba uno de los grandes favoritos a llevarse la competici\u00f3n, el equipo de la ULB que hab\u00eda mostrado un gran nivel en la fase previa, contando sus&#8230;<\/p>\n","protected":false},"author":1,"featured_media":617,"comment_status":"open","ping_status":"open","sticky":false,"template":"","format":"standard","meta":{"_uag_custom_page_level_css":"","_monsterinsights_skip_tracking":false,"_monsterinsights_sitenote_active":false,"_monsterinsights_sitenote_note":"","_monsterinsights_sitenote_category":0,"_kad_post_transparent":"","_kad_post_title":"","_kad_post_layout":"","_kad_post_sidebar_id":"","_kad_post_content_style":"","_kad_post_vertical_padding":"","_kad_post_feature":"","_kad_post_feature_position":"","_kad_post_header":false,"_kad_post_footer":false,"_kad_post_classname":"","footnotes":""},"categories":[16,27,9],"tags":[14,13,7,8],"class_list":["post-616","post","type-post","status-publish","format-standard","has-post-thumbnail","hentry","category-cronicas-cbc-cadiz","category-infantil-femenino-del-club-baloncesto-ciudad-de-cadiz","category-noticias-cbc-cadiz","tag-baloncesto-cadiz","tag-cb-ciudad-de-cadiz","tag-cbc-cadiz","tag-club-baloncesto-ciudad-de-cadiz"],"uagb_featured_image_src":{"full":["https:\/\/www.cbciudaddecadiz.com\/wp-content\/uploads\/2021\/11\/IMG-20211113-WA0010.jpg",1600,720,false],"thumbnail":["https:\/\/www.cbciudaddecadiz.com\/wp-content\/uploads\/2021\/11\/IMG-20211113-WA0010-150x150.jpg",150,150,true],"medium":["https:\/\/www.cbciudaddecadiz.com\/wp-content\/uploads\/2021\/11\/IMG-20211113-WA0010-300x135.jpg",300,135,true],"medium_large":["https:\/\/www.cbciudaddecadiz.com\/wp-content\/uploads\/2021\/11\/IMG-20211113-WA0010-768x346.jpg",768,346,true],"large":["https:\/\/www.cbciudaddecadiz.com\/wp-content\/uploads\/2021\/11\/IMG-20211113-WA0010-1024x461.jpg",1024,461,true],"1536x1536":["https:\/\/www.cbciudaddecadiz.com\/wp-content\/uploads\/2021\/11\/IMG-20211113-WA0010-1536x691.jpg",1536,691,true],"2048x2048":["https:\/\/www.cbciudaddecadiz.com\/wp-content\/uploads\/2021\/11\/IMG-20211113-WA0010.jpg",1600,720,false]},"uagb_author_info":{"display_name":"CBC C\u00e1diz","author_link":"https:\/\/www.cbciudaddecadiz.com\/index.php\/author\/admin\/"},"uagb_comment_info":0,"uagb_excerpt":"La primera jornada de la fase regular para nuestras chicas del infantil femenino nos llev\u00f3 en la ma\u00f1ana del s\u00e1bado a La L\u00ednea de la Concepci\u00f3n, donde nos esperaba uno de los grandes favoritos a llevarse la competici\u00f3n, el equipo de la ULB que hab\u00eda mostrado un gran nivel en la fase previa, contando sus...","_links":{"self":[{"href":"https:\/\/www.cbciudaddecadiz.com\/index.php\/wp-json\/wp\/v2\/posts\/616","targetHints":{"allow":["GET"]}}],"collection":[{"href":"https:\/\/www.cbciudaddecadiz.com\/index.php\/wp-json\/wp\/v2\/posts"}],"about":[{"href":"https:\/\/www.cbciudaddecadiz.com\/index.php\/wp-json\/wp\/v2\/types\/post"}],"author":[{"embeddable":true,"href":"https:\/\/www.cbciudaddecadiz.com\/index.php\/wp-json\/wp\/v2\/users\/1"}],"replies":[{"embeddable":true,"href":"https:\/\/www.cbciudaddecadiz.com\/index.php\/wp-json\/wp\/v2\/comments?post=616"}],"version-history":[{"count":1,"href":"https:\/\/www.cbciudaddecadiz.com\/index.php\/wp-json\/wp\/v2\/posts\/616\/revisions"}],"predecessor-version":[{"id":619,"href":"https:\/\/www.cbciudaddecadiz.com\/index.php\/wp-json\/wp\/v2\/posts\/616\/revisions\/619"}],"wp:featuredmedia":[{"embeddable":true,"href":"https:\/\/www.cbciudaddecadiz.com\/index.php\/wp-json\/wp\/v2\/media\/617"}],"wp:attachment":[{"href":"https:\/\/www.cbciudaddecadiz.com\/index.php\/wp-json\/wp\/v2\/media?parent=616"}],"wp:term":[{"taxonomy":"category","embeddable":true,"href":"https:\/\/www.cbciudaddecadiz.com\/index.php\/wp-json\/wp\/v2\/categories?post=616"},{"taxonomy":"post_tag","embeddable":true,"href":"https:\/\/www.cbciudaddecadiz.com\/index.php\/wp-json\/wp\/v2\/tags?post=616"}],"curies":[{"name":"wp","href":"https:\/\/api.w.org\/{rel}","templated":true}]}}