{"id":704,"date":"2022-01-16T22:24:00","date_gmt":"2022-01-16T21:24:00","guid":{"rendered":"https:\/\/www.cbciudaddecadiz.com\/?p=704"},"modified":"2022-03-08T14:30:56","modified_gmt":"2022-03-08T13:30:56","slug":"nuestras-minis-logran-su-primera-victoria-en-su-partido-con-adesa80","status":"publish","type":"post","link":"https:\/\/www.cbciudaddecadiz.com\/index.php\/2022\/01\/16\/nuestras-minis-logran-su-primera-victoria-en-su-partido-con-adesa80\/","title":{"rendered":"Nuestras minis logran su primera victoria en su partido con Adesa&#8217;80"},"content":{"rendered":"\n<p>La tercera jornada de la competici\u00f3n federada para nuestras minis tra\u00eda la visita de nuestras amigas de Adesa\u201980, equipo que ya nos hab\u00eda vencido 33-55 en la copa delegaci\u00f3n, por lo que ya nos conoc\u00edamos y sab\u00edamos que se pod\u00eda ver un bonito encuentro.<\/p>\n\n\n\n<p>Empezaron mejor las sanluque\u00f1as que cogieron ventaja en los primeros minutos del primer periodo (2-7), pero poco a poco nuestras chicas se fueron entonando, logrando dar la vuelta al marcador antes de finalizar el periodo (8-7).<\/p>\n\n\n\n<div class=\"wp-block-image\"><figure class=\"alignright size-full is-resized\"><img decoding=\"async\" data-src=\"https:\/\/www.cbciudaddecadiz.com\/wp-content\/uploads\/2022\/03\/20220123_135430.jpg\" alt=\"\" class=\"wp-image-706 lazyload\" width=\"293\" height=\"220\" data-srcset=\"https:\/\/www.cbciudaddecadiz.com\/wp-content\/uploads\/2022\/03\/20220123_135430.jpg 1000w, https:\/\/www.cbciudaddecadiz.com\/wp-content\/uploads\/2022\/03\/20220123_135430-300x225.jpg 300w, https:\/\/www.cbciudaddecadiz.com\/wp-content\/uploads\/2022\/03\/20220123_135430-768x576.jpg 768w\" data-sizes=\"(max-width: 293px) 100vw, 293px\" src=\"data:image\/svg+xml;base64,PHN2ZyB3aWR0aD0iMSIgaGVpZ2h0PSIxIiB4bWxucz0iaHR0cDovL3d3dy53My5vcmcvMjAwMC9zdmciPjwvc3ZnPg==\" style=\"--smush-placeholder-width: 293px; --smush-placeholder-aspect-ratio: 293\/220;\" \/><\/figure><\/div>\n\n\n\n<p>El segundo periodo fue un calco del primero, ya que Adesa\u201980 lograba ventaja en los minutos iniciales (8-13) y nuestras chicas iban meti\u00e9ndose poco a poco de nuevo en el partido hasta dar la vuelta al marcador (14-13).<\/p>\n\n\n\n<p>En el tercero cambi\u00f3 el panorama, nuestras chicas comenzaban bien logrando 5 puntos de ventaja, pero en la segunda mitad del periodo las visitantes remontaban para irse con ventaja al descanso (19-21).<\/p>\n\n\n\n<p>Tras el descanso, ambos equipos apretaban de lo lindo en defensa y costaba mucho sumar, as\u00ed se llego al final del mismo con ventaja visitante de 23 a 26.<\/p>\n\n\n\n<p>En el quinto, el partido segu\u00eda por los mismos derroteros, las defensas se impon\u00edan y hab\u00eda que sudar cada punto, con un poco m\u00e1s de acierto por parte de nuestras chicas que consiguieron igualar el encuentro a 30, dejando todo por decidir a falta del \u00faltimo y definitivo periodo.<\/p>\n\n\n\n<p>En el sexto periodo, las defensas segu\u00edan imponi\u00e9ndose tanto que, pasado el ecuador del mismo, no se hab\u00eda sumado ni una sola canasta en juego, tan solo 2 tiros libres por nuestra parte y uno por la parte visitante (32-31), nuestra defensa se mostraba muy seria y a poco que conseguimos dos canastas, logramos una ventaja de 5 puntos a falta de poco m\u00e1s de un minuto para el final (36-31), lo que parec\u00eda que nos acercaba a la victoria, pero dos errores consecutivos, nos costaron dos canastas consecutivas en el mismo segundo (36-35), por suerte una recuperaci\u00f3n y contraataque culminado por Marina nos daba una luchada y trabajada victoria ante un gran rival como son las chicas de Adesa\u201980 (38-35).<\/p>\n\n\n\n<p>Victoria de mucho m\u00e9rito para nuestras chicas que, tras m\u00e1s de un mes sin competir por los contagios del COVID y las navidades, fueron capaces de mantener el alto ritmo del encuentro con un gran trabajo defensivo y ante un equipo que no nos dejo respirar ni un solo segundo del encuentro. Enhorabuena a nuestras chicas por este gran partido y su primera victoria de la temporada, y tambi\u00e9n a las chicas de Adesa\u201980, que no bajaron los brazos en ning\u00fan momento, mostrando una gran deportividad durante todo el encuentro. \u00a1\u00a1Seguimos trabajando!!<\/p>\n\n\n\n<h3 class=\"has-text-align-center wp-block-heading\">Resultado final: CBC C\u00e1diz <mark style=\"background-color:rgba(0, 0, 0, 0)\" class=\"has-inline-color has-vivid-red-color\">38<\/mark>&#8211;<mark style=\"background-color:rgba(0, 0, 0, 0)\" class=\"has-inline-color has-vivid-red-color\">35<\/mark> Adesa\u201980<\/h3>\n","protected":false},"excerpt":{"rendered":"<p>La tercera jornada de la competici\u00f3n federada para nuestras minis tra\u00eda la visita de nuestras amigas de Adesa\u201980, equipo que ya nos hab\u00eda vencido 33-55 en la copa delegaci\u00f3n, por lo que ya nos conoc\u00edamos y sab\u00edamos que se pod\u00eda ver un bonito encuentro. Empezaron mejor las sanluque\u00f1as que cogieron ventaja en los primeros minutos&#8230;<\/p>\n","protected":false},"author":1,"featured_media":705,"comment_status":"open","ping_status":"open","sticky":false,"template":"","format":"standard","meta":{"_uag_custom_page_level_css":"","_monsterinsights_skip_tracking":false,"_monsterinsights_sitenote_active":false,"_monsterinsights_sitenote_note":"","_monsterinsights_sitenote_category":0,"_kad_post_transparent":"","_kad_post_title":"","_kad_post_layout":"","_kad_post_sidebar_id":"","_kad_post_content_style":"","_kad_post_vertical_padding":"","_kad_post_feature":"","_kad_post_feature_position":"","_kad_post_header":false,"_kad_post_footer":false,"_kad_post_classname":"","footnotes":""},"categories":[16,23,9],"tags":[14,13,7,8],"class_list":["post-704","post","type-post","status-publish","format-standard","has-post-thumbnail","hentry","category-cronicas-cbc-cadiz","category-minibasket-femenino","category-noticias-cbc-cadiz","tag-baloncesto-cadiz","tag-cb-ciudad-de-cadiz","tag-cbc-cadiz","tag-club-baloncesto-ciudad-de-cadiz"],"uagb_featured_image_src":{"full":["https:\/\/www.cbciudaddecadiz.com\/wp-content\/uploads\/2022\/03\/mINIS-aDESA.jpg",1000,750,false],"thumbnail":["https:\/\/www.cbciudaddecadiz.com\/wp-content\/uploads\/2022\/03\/mINIS-aDESA-150x150.jpg",150,150,true],"medium":["https:\/\/www.cbciudaddecadiz.com\/wp-content\/uploads\/2022\/03\/mINIS-aDESA-300x225.jpg",300,225,true],"medium_large":["https:\/\/www.cbciudaddecadiz.com\/wp-content\/uploads\/2022\/03\/mINIS-aDESA-768x576.jpg",768,576,true],"large":["https:\/\/www.cbciudaddecadiz.com\/wp-content\/uploads\/2022\/03\/mINIS-aDESA.jpg",1000,750,false],"1536x1536":["https:\/\/www.cbciudaddecadiz.com\/wp-content\/uploads\/2022\/03\/mINIS-aDESA.jpg",1000,750,false],"2048x2048":["https:\/\/www.cbciudaddecadiz.com\/wp-content\/uploads\/2022\/03\/mINIS-aDESA.jpg",1000,750,false]},"uagb_author_info":{"display_name":"CBC C\u00e1diz","author_link":"https:\/\/www.cbciudaddecadiz.com\/index.php\/author\/admin\/"},"uagb_comment_info":0,"uagb_excerpt":"La tercera jornada de la competici\u00f3n federada para nuestras minis tra\u00eda la visita de nuestras amigas de Adesa\u201980, equipo que ya nos hab\u00eda vencido 33-55 en la copa delegaci\u00f3n, por lo que ya nos conoc\u00edamos y sab\u00edamos que se pod\u00eda ver un bonito encuentro. Empezaron mejor las sanluque\u00f1as que cogieron ventaja en los primeros minutos...","_links":{"self":[{"href":"https:\/\/www.cbciudaddecadiz.com\/index.php\/wp-json\/wp\/v2\/posts\/704","targetHints":{"allow":["GET"]}}],"collection":[{"href":"https:\/\/www.cbciudaddecadiz.com\/index.php\/wp-json\/wp\/v2\/posts"}],"about":[{"href":"https:\/\/www.cbciudaddecadiz.com\/index.php\/wp-json\/wp\/v2\/types\/post"}],"author":[{"embeddable":true,"href":"https:\/\/www.cbciudaddecadiz.com\/index.php\/wp-json\/wp\/v2\/users\/1"}],"replies":[{"embeddable":true,"href":"https:\/\/www.cbciudaddecadiz.com\/index.php\/wp-json\/wp\/v2\/comments?post=704"}],"version-history":[{"count":1,"href":"https:\/\/www.cbciudaddecadiz.com\/index.php\/wp-json\/wp\/v2\/posts\/704\/revisions"}],"predecessor-version":[{"id":707,"href":"https:\/\/www.cbciudaddecadiz.com\/index.php\/wp-json\/wp\/v2\/posts\/704\/revisions\/707"}],"wp:featuredmedia":[{"embeddable":true,"href":"https:\/\/www.cbciudaddecadiz.com\/index.php\/wp-json\/wp\/v2\/media\/705"}],"wp:attachment":[{"href":"https:\/\/www.cbciudaddecadiz.com\/index.php\/wp-json\/wp\/v2\/media?parent=704"}],"wp:term":[{"taxonomy":"category","embeddable":true,"href":"https:\/\/www.cbciudaddecadiz.com\/index.php\/wp-json\/wp\/v2\/categories?post=704"},{"taxonomy":"post_tag","embeddable":true,"href":"https:\/\/www.cbciudaddecadiz.com\/index.php\/wp-json\/wp\/v2\/tags?post=704"}],"curies":[{"name":"wp","href":"https:\/\/api.w.org\/{rel}","templated":true}]}}